{"id":700,"date":"2011-03-12T17:22:02","date_gmt":"2011-03-12T16:22:02","guid":{"rendered":"http:\/\/www.softwarearchitektur.de\/?p=700"},"modified":"2011-03-12T22:32:26","modified_gmt":"2011-03-12T21:32:26","slug":"vortrag-fur-seacon2011-angenommen","status":"publish","type":"post","link":"https:\/\/www.softwarearchitektur.de\/?p=700","title":{"rendered":"Vortrag f\u00fcr Seacon2011 angenommen"},"content":{"rendered":"<p style=\"text-align: justify;\">Der von Alexander Buchmann und mir eingereichte Vortrag mit dem Titel &#8222;Hochperformante Softwarearchitekturen &#8211; Planung, Zufall oder Erfahrung? Unser Geheimrezept!&#8220; ist bei der<a title=\"Seacon 2011\" href=\"http:\/\/www.sigs-datacom.de\/seacon2011\/seacon2011.html\" target=\"_blank\"> Seacon 2011<\/a> angenommen worden. Ich freue mich aus zwei Gr\u00fcnden besonders auf diese Konferenz:<\/p>\n<ul style=\"text-align: justify;\">\n<li>es ist mein erster Konferenzvortrag, der aus meiner neuen Aufgabe als Testmanager entstanden ist<\/li>\n<li>ich habe endlich wieder beruflich etwas in Hamburg zu tun, der Stadt in der ich mich immer noch zu Hause f\u00fchle.<\/li>\n<\/ul>\n<p style=\"text-align: justify;\">Wir werden unseren Ansatz zur Modellierung eines Lastmodells und zum Messen der tats\u00e4chlichen Performance eines Anwendungssystems vorstellen. Dabei gehen wir selbstverst\u00e4ndlich davon aus, dass die architekturellen Qualit\u00e4tsmerkmale, die &#8222;-ilities&#8220;, schon im Rahmen der Anforderungsermittlung festgelegt werden. Wie unsere Erfahrung zeigt ist das aber leider nur eine notwendige, keine hinreichende Voraussetzung f\u00fcr die Entwicklung einer performanten Anwendung. Wir pl\u00e4dieren daher daf\u00fcr, einen Use Case basierten Lastgenerator f\u00fcr die Anwendung zu erstellen, der m\u00f6glichst nahe an der tats\u00e4chlich erwarteten Nutzung liegt und dann das Modell iterativ unter Messung der simulierten Last zu verfeinern.<\/p>\n<p style=\"text-align: justify;\">Ich bin gespannt auf das Feedback der Zuh\u00f6rer und darauf, ob andere vergleichbare Ans\u00e4tze verfolgen.<\/p>\n<p style=\"text-align: justify;\">Wir sehen uns in Hamburg.<\/p>\n<p><a href=\"http:\/\/www.sigs-datacom.de\/seacon2011\/seacon2011.html\"><img decoding=\"async\" loading=\"lazy\" class=\"aligncenter\" title=\"Seacon 2011\" src=\"http:\/\/www.sigs-datacom.de\/fileadmin\/develop\/img\/colour_seacon\/logo_seacon2011.gif\" alt=\"\" width=\"210\" height=\"74\" \/><\/a><\/p>\n","protected":false},"excerpt":{"rendered":"<p>Der von Alexander Buchmann und mir eingereichte Vortrag mit dem Titel &#8222;Hochperformante Softwarearchitekturen &#8211; Planung, Zufall oder Erfahrung? Unser Geheimrezept!&#8220; ist bei der Seacon 2011 angenommen worden. Ich freue mich aus zwei Gr\u00fcnden besonders auf diese Konferenz: es ist mein erster Konferenzvortrag, der aus meiner neuen Aufgabe als Testmanager entstanden ist ich habe endlich wieder [&hellip;]<\/p>\n","protected":false},"author":2,"featured_media":0,"comment_status":"open","ping_status":"open","sticky":false,"template":"","format":"standard","meta":{"ngg_post_thumbnail":0},"categories":[11,64,55],"tags":[327,70,329,4],"_links":{"self":[{"href":"https:\/\/www.softwarearchitektur.de\/index.php?rest_route=\/wp\/v2\/posts\/700"}],"collection":[{"href":"https:\/\/www.softwarearchitektur.de\/index.php?rest_route=\/wp\/v2\/posts"}],"about":[{"href":"https:\/\/www.softwarearchitektur.de\/index.php?rest_route=\/wp\/v2\/types\/post"}],"author":[{"embeddable":true,"href":"https:\/\/www.softwarearchitektur.de\/index.php?rest_route=\/wp\/v2\/users\/2"}],"replies":[{"embeddable":true,"href":"https:\/\/www.softwarearchitektur.de\/index.php?rest_route=%2Fwp%2Fv2%2Fcomments&post=700"}],"version-history":[{"count":10,"href":"https:\/\/www.softwarearchitektur.de\/index.php?rest_route=\/wp\/v2\/posts\/700\/revisions"}],"predecessor-version":[{"id":706,"href":"https:\/\/www.softwarearchitektur.de\/index.php?rest_route=\/wp\/v2\/posts\/700\/revisions\/706"}],"wp:attachment":[{"href":"https:\/\/www.softwarearchitektur.de\/index.php?rest_route=%2Fwp%2Fv2%2Fmedia&parent=700"}],"wp:term":[{"taxonomy":"category","embeddable":true,"href":"https:\/\/www.softwarearchitektur.de\/index.php?rest_route=%2Fwp%2Fv2%2Fcategories&post=700"},{"taxonomy":"post_tag","embeddable":true,"href":"https:\/\/www.softwarearchitektur.de\/index.php?rest_route=%2Fwp%2Fv2%2Ftags&post=700"}],"curies":[{"name":"wp","href":"https:\/\/api.w.org\/{rel}","templated":true}]}}