{"id":488,"date":"2010-05-11T19:51:42","date_gmt":"2010-05-11T18:51:42","guid":{"rendered":"http:\/\/www.softwarearchitektur.de\/?p=488"},"modified":"2010-05-20T21:39:50","modified_gmt":"2010-05-20T20:39:50","slug":"jahrliches-meeting-der-gi-fachgruppe-softwarearchitketur","status":"publish","type":"post","link":"https:\/\/www.softwarearchitektur.de\/?p=488","title":{"rendered":"J\u00e4hrliches Meeting der GI Fachgruppe Softwarearchitketur"},"content":{"rendered":"<p>Am 15.+16. July 2010 trifft sich in M\u00fcnchen die Fachgruppe Softwarearchitektur der Gesellchaft f\u00fcr Informatik. Das ganze ist in diesem Jahr verpackt in eine kleine Konferenz mit dem Titel <a title=\"Software Architectures for the Cloud\" href=\"http:\/\/wwwmatthes.in.tum.de\/wikis\/sebis\/softarch2010\" target=\"_blank\"><strong>Software Architectures for the Cloud<\/strong><\/a>.<\/p>\n<p>Ich erinnere mich noch deutlich an das Jahr 2004 und das Gr\u00fcndungstreffen des  GI-Arbeitskreises Software Architektur.\u00a0 Komischerweise ging es damals in Oldenburg eigentlich nur darum, ein Buch zu schreiben. Es wirkte irgendwie wie abgesprochen und etliche Teilnehmer waren doch etwas \u00fcberrascht. Das ganze kam mir dar\u00fcber hinaus sehr akademisch vor und ich habe mich die letzten 6 Jahre deshalb aus den GI Aktivit\u00e4ten herausgehalten.<\/p>\n<p>Die <a title=\"Software Architectures for the Cloud\" href=\"http:\/\/wwwmatthes.in.tum.de\/wikis\/sebis\/softarch2010\" target=\"_blank\">Agenda<\/a> f\u00fcr dieses Jahr sieht aber eigentlich recht spannend aus. Ich denke, da\u00df ich in diesem Jahr den Kontakt &#8218;mal wieder aufnehmen werde, zumal ich Florian Matthes auch pers\u00f6nlich ganz gut kenne.<\/p>\n","protected":false},"excerpt":{"rendered":"<p>Am 15.+16. July 2010 trifft sich in M\u00fcnchen die Fachgruppe Softwarearchitektur der Gesellchaft f\u00fcr Informatik. Das ganze ist in diesem Jahr verpackt in eine kleine Konferenz mit dem Titel Software Architectures for the Cloud. Ich erinnere mich noch deutlich an das Jahr 2004 und das Gr\u00fcndungstreffen des GI-Arbeitskreises Software Architektur.\u00a0 Komischerweise ging es damals in [&hellip;]<\/p>\n","protected":false},"author":2,"featured_media":0,"comment_status":"open","ping_status":"open","sticky":false,"template":"","format":"standard","meta":{"ngg_post_thumbnail":0},"categories":[11,64],"tags":[327,70],"_links":{"self":[{"href":"https:\/\/www.softwarearchitektur.de\/index.php?rest_route=\/wp\/v2\/posts\/488"}],"collection":[{"href":"https:\/\/www.softwarearchitektur.de\/index.php?rest_route=\/wp\/v2\/posts"}],"about":[{"href":"https:\/\/www.softwarearchitektur.de\/index.php?rest_route=\/wp\/v2\/types\/post"}],"author":[{"embeddable":true,"href":"https:\/\/www.softwarearchitektur.de\/index.php?rest_route=\/wp\/v2\/users\/2"}],"replies":[{"embeddable":true,"href":"https:\/\/www.softwarearchitektur.de\/index.php?rest_route=%2Fwp%2Fv2%2Fcomments&post=488"}],"version-history":[{"count":7,"href":"https:\/\/www.softwarearchitektur.de\/index.php?rest_route=\/wp\/v2\/posts\/488\/revisions"}],"predecessor-version":[{"id":496,"href":"https:\/\/www.softwarearchitektur.de\/index.php?rest_route=\/wp\/v2\/posts\/488\/revisions\/496"}],"wp:attachment":[{"href":"https:\/\/www.softwarearchitektur.de\/index.php?rest_route=%2Fwp%2Fv2%2Fmedia&parent=488"}],"wp:term":[{"taxonomy":"category","embeddable":true,"href":"https:\/\/www.softwarearchitektur.de\/index.php?rest_route=%2Fwp%2Fv2%2Fcategories&post=488"},{"taxonomy":"post_tag","embeddable":true,"href":"https:\/\/www.softwarearchitektur.de\/index.php?rest_route=%2Fwp%2Fv2%2Ftags&post=488"}],"curies":[{"name":"wp","href":"https:\/\/api.w.org\/{rel}","templated":true}]}}